{"id":3684,"date":"2016-11-11T11:35:09","date_gmt":"2016-11-11T11:35:09","guid":{"rendered":"http:\/\/www.artinbox.cz\/?p=3684"},"modified":"2016-11-16T11:00:49","modified_gmt":"2016-11-16T11:00:49","slug":"%e2%9d%a4-sametove-podzemi-%e2%9d%a4-velvet-uderground-%e2%9d%a4-kurt-gebauer-barbora-balkova-richard-cortes-17-11-2016-26-1-2017","status":"publish","type":"post","link":"https:\/\/www.artinbox.cz\/?p=3684","title":{"rendered":"\u2764 SAMETOV\u00c9 PODZEM\u00cd \u2764 VELVET UNDERGROUND \u2764 Kurt Gebauer \/ Barbora B\u00e1lkov\u00e1 \/ Richard Cort\u00e9s (17. 11. 2016 &#8211; 26. 1. 2017)"},"content":{"rendered":"<p><img decoding=\"async\" loading=\"lazy\" src=\"https:\/\/www.facebook.com\/images\/emoji.php\/v5\/f6c\/1\/16\/2764.png\" alt=\"\" width=\"16\" height=\"16\" \/>\u2764\u00a0SAMETOV\u00c9 PODZEM\u00cd\u00a0<img decoding=\"async\" loading=\"lazy\" src=\"https:\/\/www.facebook.com\/images\/emoji.php\/v5\/f6c\/1\/16\/2764.png\" alt=\"\" width=\"16\" height=\"16\" \/>\u2764\u00a0VELVET UNDERGROUND\u00a0<img decoding=\"async\" loading=\"lazy\" src=\"https:\/\/www.facebook.com\/images\/emoji.php\/v5\/f6c\/1\/16\/2764.png\" alt=\"\" width=\"16\" height=\"16\" \/>\u2764<br \/>\nPodzemn\u00ed pelmel kr\u00e1sy a vlastenectv\u00ed \/ Underground pelmel of beauty and patriotism (17. 11. 2016 &#8211; 26. 1. 2017)<\/p>\n<p>V\u00fdstavy k v\u00fdro\u010d\u00ed sametov\u00e9 revoluce a k 80. nedo\u017eit\u00fdm narozenin\u00e1m V\u00e1clava Havla. \/ Exhibitions to mark the anniversary of the Velvet Revolution and the 80th birthday of V\u00e1clav Havel<br \/>\nkur\u00e1torka \/ curated by: Nadia Rovderov\u00e1<\/p>\n<p>Fotografie z p\u0159\u00edprav a pr\u016fb\u011bhu v\u00fdstavy jsou k zhl\u00e9dnut\u00ed zde (album bude postupn\u011b dopl\u0148ov\u00e1no):\u00a0<a href=\"https:\/\/www.facebook.com\/pg\/ArtinboxGallery\/photos\/?tab=album&amp;album_id=1201771593228860\" target=\"_blank\">https:\/\/www.facebook.com\/pg\/ArtinboxGallery\/photos\/?tab=album&amp;album_id=1201771593228860<\/a><\/p>\n<div id=\"attachment_3685\" style=\"width: 610px\" class=\"wp-caption alignnone\"><a rel=\"attachment wp-att-3685\" href=\"http:\/\/www.artinbox.cz\/?attachment_id=3685\" title=\"KURT GEBAUER: KURTURA V PERLOVCE II. - SAMETOV\u00c9 PODZEM\u00cd\"><img aria-describedby=\"caption-attachment-3685\" decoding=\"async\" loading=\"lazy\" class=\"size-medium wp-image-3685\" title=\"KURT GEBAUER: KURTURA V PERLOVCE II. - SAMETOV\u00c9 PODZEM\u00cd\" src=\"http:\/\/www.artinbox.cz\/wp-content\/uploads\/2016\/11\/kurtura-min-600x558.jpg\" alt=\"\" width=\"600\" height=\"558\" srcset=\"https:\/\/www.artinbox.cz\/wp-content\/uploads\/2016\/11\/kurtura-min-600x558.jpg 600w, https:\/\/www.artinbox.cz\/wp-content\/uploads\/2016\/11\/kurtura-min-1024x953.jpg 1024w, https:\/\/www.artinbox.cz\/wp-content\/uploads\/2016\/11\/kurtura-min-305x283.jpg 305w\" sizes=\"(max-width: 600px) 100vw, 600px\" \/><\/a><p id=\"caption-attachment-3685\" class=\"wp-caption-text\">KURT GEBAUER: KURTURA V PERLOVCE II. - SAMETOV\u00c9 PODZEM\u00cd<\/p><\/div>\n<p><img decoding=\"async\" loading=\"lazy\" src=\"https:\/\/www.facebook.com\/images\/emoji.php\/v5\/f6c\/1\/16\/2764.png\" alt=\"\" width=\"16\" height=\"16\" \/>\u2764\u00a0KURT GEBAUER: KURTURA V PERLOVCE II. &#8211; Sametov\u00e9 podzem\u00ed \/ KURTURE IN PERLOVA STREET II. &#8211; Velvet Underground<br \/>\n(hlavn\u00ed s\u00e1l a foyer \/ main gallery hall and foyer)<br \/>\nKurtura po t\u0159ech letech op\u011bt v undergroundu Perlov\u00e9 ulice! Pokra\u010dov\u00e1n\u00ed \u00fasp\u011b\u0161n\u00e9 tradice podzemn\u00edho pelmelu kr\u00e1sy a vlastenectv\u00ed v pod\u00e1n\u00ed Kurta Gebauera &#8211; tentokr\u00e1t na p\u0159ipom\u00ednku Sametov\u00e9 revoluce a odkazu V\u00e1clava Havla, kter\u00fd by se letos do\u017eil 80 let. Sochy, objekty, fotografie, malby i kresby Kurta Gebauera datovan\u00e1 od let \u0161edes\u00e1t\u00fdch a\u017e po posledn\u00ed d\u00edla z leto\u0161n\u00edho roku, propojuj\u00ed t\u00e9ma kultury, politiky, erotiky, vlastenectv\u00ed&#8230; Rozv\u00edj\u00edme tak m.j. my\u0161lenku ned\u00e1vn\u00e9 instalace &#8222;srde\u010dn\u00e9ho pomn\u00edku&#8220; V\u00e1clavu Havlovi, kterou autor p\u0159ipravil k Havlov\u00fdm 80. narozenin\u00e1m na piazett\u011b N\u00e1rodn\u00edho divadla a navazujeme na Kurturu v Perlovce I., kterou jsme si v r. 2013 p\u0159ipomn\u011bli 45. v\u00fdro\u010d\u00ed srpnov\u00e9 okupace \u010ceskoslovenska.<\/p>\n<div id=\"attachment_3698\" style=\"width: 610px\" class=\"wp-caption alignnone\"><a rel=\"attachment wp-att-3698\" href=\"http:\/\/www.artinbox.cz\/?attachment_id=3698\" title=\"Kurt osobnost op\u011bt pohlcuje podzem\u00ed v Perlov\u00e9 ulici, 10. 11. 2016, foto Nadia Rovderov\u00e1\"><img aria-describedby=\"caption-attachment-3698\" decoding=\"async\" loading=\"lazy\" class=\"size-medium wp-image-3698\" title=\"Kurt osobnost op\u011bt pohlcuje podzem\u00ed v Perlov\u00e9 ulici, 10. 11. 2016, foto Nadia Rovderov\u00e1\" src=\"http:\/\/www.artinbox.cz\/wp-content\/uploads\/2016\/11\/DSCN7916-600x433.jpg\" alt=\"\" width=\"600\" height=\"433\" srcset=\"https:\/\/www.artinbox.cz\/wp-content\/uploads\/2016\/11\/DSCN7916-600x433.jpg 600w, https:\/\/www.artinbox.cz\/wp-content\/uploads\/2016\/11\/DSCN7916-1024x739.jpg 1024w, https:\/\/www.artinbox.cz\/wp-content\/uploads\/2016\/11\/DSCN7916-305x220.jpg 305w\" sizes=\"(max-width: 600px) 100vw, 600px\" \/><\/a><p id=\"caption-attachment-3698\" class=\"wp-caption-text\">Kurt osobnost op\u011bt pohlcuje podzem\u00ed v Perlov\u00e9 ulici, 10. 11. 2016, foto Nadia Rovderov\u00e1<\/p><\/div>\n<p><img decoding=\"async\" loading=\"lazy\" src=\"https:\/\/www.facebook.com\/images\/emoji.php\/v5\/f6c\/1\/16\/2764.png\" alt=\"\" width=\"16\" height=\"16\" \/>\u2764\u00a0BARBORA B\u00c1LKOV\u00c1: Komunismus s pand\u00ed tv\u00e1\u0159\u00ed \/ Communism with Panda Face<br \/>\n(mal\u00fd s\u00e1l \/ small gallery hall)<br \/>\nMlad\u00e1 v\u00fdtvarnice reaguje sv\u00fdm nejnov\u011bj\u0161\u00edm d\u00edlem m. j. na jedno z \u010d\u00ednsk\u00fdch tabu &#8211; vyt\u011b\u017eov\u00e1n\u00ed lidsk\u00fdch org\u00e1n\u016f. Vytvo\u0159ila instalaci z roztomil\u00fdch medv\u00eddk\u016f panda u\u0161it\u00fdch z imitace lidsk\u00e9 k\u016f\u017ee a se\u0161it\u00fdch imitac\u00ed lidsk\u00fdch vlas\u016f. V\u00edce o projektu zde: http:\/\/barborabalkova.cz\/medvedi.html<\/p>\n<div id=\"attachment_3693\" style=\"width: 610px\" class=\"wp-caption alignnone\"> <\/dt>\n<\/dl>\n<\/div>\n<div class=\"mceTemp\">\n<dl id=\"attachment_3694\" class=\"wp-caption alignnone\" style=\"width: 610px;\">\n<dt class=\"wp-caption-dt\"><a rel=\"attachment wp-att-3694\" href=\"http:\/\/www.artinbox.cz\/?attachment_id=3694\" title=\"Barbora B\u00e1lkov\u00e1: Komunizmus s pand\u00ed tv\u00e1\u0159\u00ed\u00cd \/ Communism with Panda Face, 2016\"><img aria-describedby=\"caption-attachment-3693\" decoding=\"async\" loading=\"lazy\" class=\"size-medium wp-image-3694\" title=\"Barbora B\u00e1lkov\u00e1: Komunizmus s pand\u00ed tv\u00e1\u0159\u00ed\u00cd \/ Communism with Panda Face, 2016\" src=\"http:\/\/www.artinbox.cz\/wp-content\/uploads\/2016\/11\/V\u00fdst\u0159i\u017eek-600x393.jpg\" alt=\"\" width=\"600\" height=\"393\" srcset=\"https:\/\/www.artinbox.cz\/wp-content\/uploads\/2016\/11\/V\u00fdst\u0159i\u017eek-600x393.jpg 600w, https:\/\/www.artinbox.cz\/wp-content\/uploads\/2016\/11\/V\u00fdst\u0159i\u017eek-1024x671.jpg 1024w, https:\/\/www.artinbox.cz\/wp-content\/uploads\/2016\/11\/V\u00fdst\u0159i\u017eek-305x200.jpg 305w, https:\/\/www.artinbox.cz\/wp-content\/uploads\/2016\/11\/V\u00fdst\u0159i\u017eek.jpg 1390w\" sizes=\"(max-width: 600px) 100vw, 600px\" \/><\/a><p id=\"caption-attachment-3693\" class=\"wp-caption-text\">Barbora B\u00e1lkov\u00e1: Komunimus s pand\u00ed tv\u00e1\u0159\u00ed \/ Communism with Panda Face, 2016<\/p><\/div>\n<div id=\"attachment_3693\" style=\"width: 476px\" class=\"wp-caption alignnone\"><a rel=\"attachment wp-att-3693\" href=\"http:\/\/www.artinbox.cz\/?attachment_id=3693\" title=\"Barbora B\u00e1lkov\u00e1: Komunizmus s pand\u00ed tv\u00e1\u0159\u00ed\u00cd \/ Communism with Panda Face, 2016\"><img aria-describedby=\"caption-attachment-3693\" decoding=\"async\" loading=\"lazy\" class=\"size-full wp-image-3693\" title=\"Barbora B\u00e1lkov\u00e1: Komunizmus s pand\u00ed tv\u00e1\u0159\u00ed\u00cd \/ Communism with Panda Face, 2016\" src=\"http:\/\/www.artinbox.cz\/wp-content\/uploads\/2016\/11\/V\u00fdst\u0159i\u017eek2.jpg\" alt=\"\" width=\"466\" height=\"633\" srcset=\"https:\/\/www.artinbox.cz\/wp-content\/uploads\/2016\/11\/V\u00fdst\u0159i\u017eek2.jpg 466w, https:\/\/www.artinbox.cz\/wp-content\/uploads\/2016\/11\/V\u00fdst\u0159i\u017eek2-305x414.jpg 305w\" sizes=\"(max-width: 466px) 100vw, 466px\" \/><\/a><p id=\"caption-attachment-3693\" class=\"wp-caption-text\">Barbora B\u00e1lkov\u00e1: Komunismus s pand\u00ed tv\u00e1\u0159\u00ed \/ Communism with Panda Face, 2016<\/p><\/div>\n<p><img decoding=\"async\" loading=\"lazy\" src=\"https:\/\/www.facebook.com\/images\/emoji.php\/v5\/f6c\/1\/16\/2764.png\" alt=\"\" width=\"16\" height=\"16\" \/>\u2764\u00a0RICHARD CORT\u00c9S: Znamen\u00ed doby \/ Signs of the Time<br \/>\n(klub galerie \/ gallery club)<br \/>\nReflexe sou\u010dasnosti v symbolech inspirovan\u00fdch m.j. warholovsk\u00fdm vn\u00edm\u00e1n\u00edm sv\u011bta, v pod\u00e1n\u00ed multi-talentovan\u00e9ho novin\u00e1\u0159e, hudebn\u00edka, v\u00fdtvarn\u00edka, autora ilustrac\u00ed pro Lidov\u00e9 noviny, t\u00fdden\u00edk Euro a dal\u0161\u00ed.<\/p>\n<div id=\"attachment_3695\" style=\"width: 610px\" class=\"wp-caption alignnone\"><a rel=\"attachment wp-att-3695\" href=\"http:\/\/www.artinbox.cz\/?attachment_id=3695\" title=\"Richard Cort\u00e9s: Czechia - Banana Republic, 2015\"><img aria-describedby=\"caption-attachment-3695\" decoding=\"async\" loading=\"lazy\" class=\"size-medium wp-image-3695\" title=\"Richard Cort\u00e9s: Czechia - Banana Republic, 2015\" src=\"http:\/\/www.artinbox.cz\/wp-content\/uploads\/2016\/11\/15052014_10157705011825322_362870240_o-600x262.jpg\" alt=\"\" width=\"600\" height=\"262\" srcset=\"https:\/\/www.artinbox.cz\/wp-content\/uploads\/2016\/11\/15052014_10157705011825322_362870240_o-600x262.jpg 600w, https:\/\/www.artinbox.cz\/wp-content\/uploads\/2016\/11\/15052014_10157705011825322_362870240_o-1024x448.jpg 1024w, https:\/\/www.artinbox.cz\/wp-content\/uploads\/2016\/11\/15052014_10157705011825322_362870240_o-305x133.jpg 305w, https:\/\/www.artinbox.cz\/wp-content\/uploads\/2016\/11\/15052014_10157705011825322_362870240_o.jpg 2000w\" sizes=\"(max-width: 600px) 100vw, 600px\" \/><\/a><p id=\"caption-attachment-3695\" class=\"wp-caption-text\">Richard Cort\u00e9s: Czechia - Banana Republic, 2015<\/p><\/div>\n<p>&#8212;&#8212;&#8212;&#8212;&#8212;&#8212;&#8212;&#8212;&#8212;&#8212;&#8212;&#8212;&#8212;&#8212;&#8212;&#8212;&#8212;&#8212;&#8212;&#8212;&#8212;&#8212;&#8212;&#8212;&#8212;&#8212;&#8212;&#8212;&#8212;&#8212;&#8212;&#8212;&#8212;&#8212;&#8212;&#8212;&#8211;<\/p>\n<p><strong>\u2764<\/strong><strong> <\/strong><strong>SAMETOV\u00c9 PODZEM\u00cd <\/strong><strong>\u2764<\/strong><strong> Podzemn\u00ed pelmel kr\u00e1sy a vlastenectv\u00ed <\/strong><\/p>\n<p><strong>Kur\u00e1torka: Nadia Rovderov\u00e1<\/strong><\/p>\n<p>Letos je to 27. let od doby, kdy vypukla sametov\u00e1 revoluce, a za\u010d\u00edn\u00e1 b\u00fdt v\u00edc ne\u017e jist\u00e9, \u017ee svoboda a demokracie nejsou samoz\u0159ejmost\u00ed. U n\u00e1s i ve sv\u011bt\u011b se d\u011bj\u00ed v\u011bci! Ty v\u011bci nelze p\u0159ehl\u00ed\u017eet. I proto jsme mal\u00fd s\u00e1l galerie v\u011bnovali nejnov\u011bj\u0161\u00ed instalaci <strong>Barbory B\u00e1lkov\u00e9<\/strong> nazvan\u00e9 <strong>Komunismus s pand\u00ed tv\u00e1\u0159\u00ed. <\/strong>V\u00fdtvarnice reaguje m. j. na jedno z \u010d\u00ednsk\u00fdch tabu &#8211; vyt\u011b\u017eov\u00e1n\u00ed lidsk\u00fdch org\u00e1n\u016f. Vytvo\u0159ila instalaci z roztomil\u00fdch medv\u00eddk\u016f panda u\u0161it\u00fdch z imitace lidsk\u00e9 k\u016f\u017ee a se\u0161it\u00fdch imitac\u00ed lidsk\u00fdch vlas\u016f.\u00a0\u010c\u00ednsk\u00e1 lidov\u00e1 republika se sna\u017e\u00ed z\u00e1padn\u00edmu sv\u011btu ukazovat v p\u0159\u00edv\u011btiv\u00e9m sv\u011btle. Chlub\u00ed se prudce se rozv\u00edjej\u00edc\u00ed ekonomikou, rostouc\u00ed st\u0159edn\u00ed t\u0159\u00eddou a pro sv\u016fj glob\u00e1ln\u011b nejrychleji expanduj\u00edc\u00ed trh je v pop\u0159ed\u00ed obchodn\u00edch z\u00e1jm\u016f. Nastavuje Z\u00e1padu tv\u00e1\u0159 dobr\u00e1ck\u00e9ho \u010d\u00ednsk\u00e9ho medv\u011bda, o kter\u00e9m sice v\u00edme, \u017ee m\u00e1 kdesi zastr\u010den\u00e9 dr\u00e1py, ale v\u00edc tou\u017e\u00edme zabo\u0159it se do jeho srsti a pomazlit se s n\u00edm. Jen\u017ee barvy jin a jang, kter\u00fdmi je jeho srst pokryta, neodr\u00e1\u017eej\u00ed jen sv\u011btlou a tmavou str\u00e1nku ned\u00e1vn\u00e9 \u010d\u00ednsk\u00e9 minulosti, ale i aktu\u00e1ln\u00ed sou\u010dasnosti. \u010c\u00edm se \u010c\u00edna nechlub\u00ed, je prvenstv\u00ed v\u00a0po\u010dtu nepr\u00e1vem v\u011bzn\u011bn\u00fdch lid\u00ed. Jakkoli \u010c\u00edna nad\u00e1le z\u016fst\u00e1v\u00e1 v\u00a0podstat\u011b totalitn\u00edm st\u00e1tem pod vl\u00e1dou komunistick\u00e9 strany, vytvo\u0159ila specifick\u00fd druh kapitalismu, kter\u00fd se nezdr\u00e1h\u00e1 zpen\u011b\u017eit vlastn\u00ed ob\u010dany, kter\u00e9 zneu\u017e\u00edv\u00e1 jako zdroj pro byznys s\u00a0org\u00e1ny. Tato fakta jsou na\u0161imi politick\u00fdmi p\u0159edstaviteli ignorov\u00e1na, na\u0161i ob\u010dan\u00e9 jsou trest\u00e1ni za vyv\u011b\u0161ov\u00e1n\u00ed tibetsk\u00fdch vlajek, m\u00edrumilovn\u00fd Dalajl\u00e1ma, p\u0159\u00edtel zesnul\u00e9ho prezidenta Havla, p\u016fsob\u00ed na n\u011bkter\u00e9 politiky jako \u010derven\u00fd \u0161\u00e1tek na b\u00fdka. \u00a0Na b\u0159eznovou n\u00e1v\u0161t\u011bvu \u010d\u00ednsk\u00e9ho prezidenta Si \u0164in-pchinga v Praze a bezprecedentn\u00ed \u0161ikanu \u010desk\u00fdch ob\u010dan\u016f, reaguje sv\u00fdm d\u00edlem i <strong>Richard Cort\u00e9s<\/strong>. Pod n\u00e1zvem \u00a0<strong>Znamen\u00ed doby<\/strong> pak glosuje i dal\u0161\u00ed specifika \u010desk\u00e9 politiky posledn\u00edch let, a to obzvl\u00e1\u0161t\u011b jedn\u00e1n\u00ed dvou nejv\u011bt\u0161\u00edch tahoun\u016f sm\u011brem od svobod a v\u00fddobytk\u016f demokracie &#8211; sou\u010dasn\u00e9ho pana prezidenta s\u00a0mluv\u010d\u00edm Ov\u010d\u00e1\u010dkem v\u00a0z\u00e1dech a pana ministra financ\u00ed.<\/p>\n<p><strong>Kurt Gebauer<\/strong> se v\u00a0Artinboxu zabydlel u\u017e d\u00e1vno, jeho d\u00edla byla sou\u010d\u00e1t\u00ed t\u00e9m\u011b\u0159 v\u0161ech na\u0161ich tematick\u00fdch v\u00fdstav. P\u0159ed t\u0159emi roky <strong>Kurtura<\/strong> vl\u00e1dla undergroundu Perlov\u00e9 ulice ve\u00a0dnech neslavn\u00e9ho 45. v\u00fdro\u010d\u00ed srpnov\u00e9 okupace \u010ceskoslovenska &#8211; te\u010f je tu kurt osobnosti zas, tentokr\u00e1t aby p\u0159ipomn\u011bl, jak tato sov\u011btsk\u00e1 okupace na\u0161\u00ed zem\u011b p\u0159ed 27. lety skon\u010dila sametovou revoluc\u00ed, a to m. j. i d\u00edky osobnosti V\u00e1clava Havla, kter\u00fd by se letos do\u017eil 80 let.<\/p>\n<p>U\u017e p\u011bt let uplynulo od smrti na\u0161eho prvn\u00edho porevolu\u010dn\u00edho prezidenta. Pot\u00e9 jakoby zavanul studen\u00fd v\u00edtr &#8211; kauzy se vr\u0161\u00ed jedna na druhou a hranice nemo\u017en\u00e9ho se posouv\u00e1. V\u011bt\u0161in\u011b ob\u010dan\u016f to, zd\u00e1 se, nevad\u00ed. A tak nov\u00e9ho v\u00fdznamu a aktu\u00e1lnosti nab\u00fdvaj\u00ed legend\u00e1rn\u00ed Gebauerova d\u00edla z\u00a0let 60. a\u017e 80.: Zbytn\u011bl\u00fd papou\u0161ek v\u00a0kleci. Ofici\u00e1ln\u00ed portr\u00e9t politika. Ofici\u00e1ln\u00ed portr\u00e9t kr\u00e1vy. Rychloplavec. Ob\u0159\u00ed trpasl\u00edk \u010d\u00edhaj\u00edc\u00ed na p\u0159\u00edchoz\u00ed. D\u00edvka na houpa\u010dce. N\u00e1rod v\u00a0hospod\u011b u piva. Obludy \u010d\u00edhaj\u00edc\u00ed v\u00a0kout\u011b. Ruka s\u00a0hol\u00ed\u2026.<\/p>\n<p>Nov\u00e9ho v\u00fdznamu nab\u00fdvaj\u00ed i d\u00edla z\u00a0let porevolu\u010dn\u00edch: Srdce. Rozpukan\u00e9 srdce. Kleco-srdce. Obv\u00e1zan\u00e1 tlukouc\u00ed srdce. Zap\u00e1len\u00fd sen\u00edk \u010di teroristick\u00fd \u00fatok?. Uprchl\u00edci na gumov\u00e9m \u010dlunu. K\u0159ehk\u00e1 \u017eensk\u00e1 kr\u00e1sa v\u00a0ohro\u017een\u00ed. V\u00e1no\u010dn\u00ed stromek bez jehli\u010d\u00ed\u2026.<\/p>\n<p>Autoportr\u00e9t nositele kurtu osobnosti, prezidenta st\u00e1tu Gebauer, celou expozici zahajuje &#8211; na rozd\u00edl od v\u011bt\u0161iny na\u0161ich sou\u010dasn\u00fdch politick\u00fdch p\u0159edstavitel\u016f, vyz\u00fdv\u00e1 v\u0161ak tento p\u0159edstavitel k my\u0161lenk\u00e1m orientovan\u00fdm na osobn\u00ed odpov\u011bdnost, \u00factu k svobod\u011b a taky vyz\u00edv\u00e1 k humoru a nadhledu, k um\u011bn\u00ed um\u011bt nebrat se v\u00e1\u017en\u011b, p\u0159em\u00fd\u0161let a nedat se o\u0161\u00e1lit \u2013 a kdy\u017e, tak maxim\u00e1ln\u011b jemn\u00fdmi \u017eensk\u00fdmi k\u0159ivkami. P\u0159ehled, nadhled, smysl pro humor a osobn\u00ed odpov\u011bdnost \u2013 to jsou vlastnosti, kter\u00e9 l\u00e9\u010d\u00ed nemoci, jimi\u017e na\u0161e spole\u010dnost op\u011bt trp\u00ed. A\u0165 m\u00edr d\u00e1l z\u016fst\u00e1v\u00e1 s touto krajinou. Zloba, z\u00e1vist, z\u00e1\u0161\u0165, strach a sv\u00e1r, ty a\u0165 pominou. \u00a0K\u00e9\u017e pravda a l\u00e1ska zv\u00edt\u011bz\u00ed!<\/p>\n<p>Nadia Rovderov\u00e1, Praha, listopad 2016<\/p>\n<p>&#8212;&#8212;&#8212;&#8212;&#8212;&#8212;&#8212;&#8212;&#8212;&#8212;&#8212;&#8212;&#8212;&#8212;&#8212;&#8212;&#8212;&#8212;&#8212;&#8212;&#8212;&#8212;&#8212;&#8212;&#8212;&#8212;&#8212;&#8212;&#8212;&#8212;&#8212;&#8212;&#8212;&#8212;&#8212;&#8211;<\/p>\n<p>otev\u0159eno: \u00fater\u00fd, st\u0159eda, \u010dtvrtek: 14 &#8211; 18 hod., nebo na vy\u017e\u00e1d\u00e1n\u00ed: +420 777 748 433<br \/>\nopen: tuesday, wendesday, thursday: 2-6 p.m., or by request: +420 777 748 433<\/p>\n<p>ZAV\u0158ENO \/ CLOSED: 20. 12. 2016 &#8211; 2. 1. 2017<\/p>\n<div id=\"attachment_3722\" style=\"width: 610px\" class=\"wp-caption alignnone\"><a rel=\"attachment wp-att-3722\" href=\"http:\/\/www.artinbox.cz\/?attachment_id=3722\" title=\"Velvet underground, Kurt Gebauer, Barbora B\u00e1lkov\u00e1, Richard Cort\u00e9s\"><img aria-describedby=\"caption-attachment-3722\" decoding=\"async\" loading=\"lazy\" class=\"size-medium wp-image-3722\" title=\"Velvet underground, Kurt Gebauer, Barbora B\u00e1lkov\u00e1, Richard Cort\u00e9s\" src=\"http:\/\/www.artinbox.cz\/wp-content\/uploads\/2016\/11\/Velvet-underground-600x613.jpg\" alt=\"\" width=\"600\" height=\"613\" srcset=\"https:\/\/www.artinbox.cz\/wp-content\/uploads\/2016\/11\/Velvet-underground-600x613.jpg 600w, https:\/\/www.artinbox.cz\/wp-content\/uploads\/2016\/11\/Velvet-underground-305x311.jpg 305w, https:\/\/www.artinbox.cz\/wp-content\/uploads\/2016\/11\/Velvet-underground.jpg 830w\" sizes=\"(max-width: 600px) 100vw, 600px\" \/><\/a><p id=\"caption-attachment-3722\" class=\"wp-caption-text\">Sametov\u00e9 podzem\u00ed \/ Velvet Underground: Kurt Gebauer, Barbora B\u00e1lkov\u00e1, Richard Cort\u00e9s<\/p><\/div>\n","protected":false},"excerpt":{"rendered":"<p> [&hellip;]<\/p>\n","protected":false},"author":3,"featured_media":3685,"comment_status":"closed","ping_status":"closed","sticky":false,"template":"","format":"standard","meta":{"footnotes":""},"categories":[1,10],"tags":[],"_links":{"self":[{"href":"https:\/\/www.artinbox.cz\/index.php?rest_route=\/wp\/v2\/posts\/3684"}],"collection":[{"href":"https:\/\/www.artinbox.cz\/index.php?rest_route=\/wp\/v2\/posts"}],"about":[{"href":"https:\/\/www.artinbox.cz\/index.php?rest_route=\/wp\/v2\/types\/post"}],"author":[{"embeddable":true,"href":"https:\/\/www.artinbox.cz\/index.php?rest_route=\/wp\/v2\/users\/3"}],"replies":[{"embeddable":true,"href":"https:\/\/www.artinbox.cz\/index.php?rest_route=%2Fwp%2Fv2%2Fcomments&post=3684"}],"version-history":[{"count":39,"href":"https:\/\/www.artinbox.cz\/index.php?rest_route=\/wp\/v2\/posts\/3684\/revisions"}],"predecessor-version":[{"id":3688,"href":"https:\/\/www.artinbox.cz\/index.php?rest_route=\/wp\/v2\/posts\/3684\/revisions\/3688"}],"wp:featuredmedia":[{"embeddable":true,"href":"https:\/\/www.artinbox.cz\/index.php?rest_route=\/wp\/v2\/media\/3685"}],"wp:attachment":[{"href":"https:\/\/www.artinbox.cz\/index.php?rest_route=%2Fwp%2Fv2%2Fmedia&parent=3684"}],"wp:term":[{"taxonomy":"category","embeddable":true,"href":"https:\/\/www.artinbox.cz\/index.php?rest_route=%2Fwp%2Fv2%2Fcategories&post=3684"},{"taxonomy":"post_tag","embeddable":true,"href":"https:\/\/www.artinbox.cz\/index.php?rest_route=%2Fwp%2Fv2%2Ftags&post=3684"}],"curies":[{"name":"wp","href":"https:\/\/api.w.org\/{rel}","templated":true}]}}