{"id":3649,"date":"2016-09-23T15:39:40","date_gmt":"2016-09-23T15:39:40","guid":{"rendered":"http:\/\/www.artinbox.cz\/?p=3649"},"modified":"2016-09-23T15:41:10","modified_gmt":"2016-09-23T15:41:10","slug":"sobota-v-artinboxu-24-9-od-10-do-17h-kulminaz-wine-and-art-prague-2016-vytvarny-workshop-pro-deti-komentovana-prohlidka-vystavy","status":"publish","type":"post","link":"https:\/\/www.artinbox.cz\/?p=3649","title":{"rendered":"Sobota v Artinboxu: 24. 9. od 10 do 17h. \/ kulmin\u00e1\u017e \/ Wine and Art Prague 2016 \/ V\u00fdtvarn\u00fd workshop pro d\u011bti \/ Komentovan\u00e1 prohl\u00eddka v\u00fdstavy"},"content":{"rendered":"<p>Stavte se z\u00edtra v Artinbox Gallery! Krom\u011b komentovan\u00e9 prohl\u00eddky si m\u016f\u017eete od 10 do 17 hodin vychutnat surrealistick\u00e9 fotografie z 30. a 40. let 20. stol. od V\u00e1clava Zykmunda a dal\u0161\u00edch \u010dlen\u016f skupiny Ra u sklenky kvalitn\u00edho v\u00edna. Akce Wine and Art Pragie 2016 z\u00edtra prob\u00edh\u00e1 u n\u00e1s, a v dal\u0161\u00edch 12 galeri\u00edch na Star\u00e9m m\u011bst\u011b pra\u017esk\u00e9m::<a id=\"js_llg\" href=\"https:\/\/www.facebook.com\/events\/297130670656949\/?ref=3&amp;ref_newsfeed_story_type=regular&amp;action_history=null&amp;source=3&amp;source_newsfeed_story_type=regular\">https:\/\/www.facebook.com\/events\/297130670656949\/<\/a>. Sv\u00e1 d\u00edtka (6-12 let) n\u00e1m m\u016f\u017eete od 14 do 15.30 h sv\u011b\u0159it v r\u00e1mci workshopu, kde budou tvo\u0159it surre\u00e1ln\u00ed kol\u00e1\u017ee. <a id=\"js_1n6\" href=\"https:\/\/www.facebook.com\/events\/1136222029797156\/?ref=1&amp;action_history=null&amp;source=1\">https:\/\/www.facebook.com\/events\/1136222029797156\/<\/a><\/p>\n<p>Artinbox Gallery V\u00e1s srde\u010dn\u011b zve do galerie na kulmin\u00e1\u017e v\u00fdstavy a speci\u00e1ln\u00ed akce: \/ Artinbox Gallery cordially invites you to the culminage of the exhibition and special events:<\/p>\n<p>v\u00a0sobotu \/ saturday 24. 9. 2016 od 10 do 17 h. \/ from 10 a.m. till 5 p.m.<\/p>\n<p><strong><span style=\"text-decoration: underline;\">Wine &amp; Art Prague 2016<\/span><\/strong><\/p>\n<p>Ochutn\u00e1vka kvalitn\u00edch v\u00edn a prohl\u00eddka aktu\u00e1ln\u00ed v\u00fdstavy:<\/p>\n<p><strong><span style=\"text-decoration: underline;\">Alchymie akce &#8211; Fotografie V\u00e1clava Zykmu<\/span><strong><span style=\"text-decoration: underline;\"><span style=\"color: #888888;\">nda<\/span><span style=\"color: #888888;\"> \/\u00a0Alchemy of Action &#8211; V\u00e1clav Zykmund and Photography<\/span><\/span><\/strong><\/strong><\/p>\n<p><strong><em>(kur\u00e1torka \/ curated by: Suzanne Pastor)<\/em><\/strong><\/p>\n<p>Dal\u0161\u00ed program:<\/p>\n<p>14 \u2013 15.30 h: Vytvo\u0159 si surre\u00e1ln\u00ed kol\u00e1\u017e, workshop pro d\u011bti od 6 do 12 let.<\/p>\n<p>Nejlep\u0161\u00ed d\u00edla vystav\u00edme v\u00a0klubu galerie.<\/p>\n<p>Cena 200,- K\u010d<\/p>\n<p>Omezen\u00fd po\u010det m\u00edst, pros\u00edm rezervujte si m\u00edsta, sms na tel. 777\u00a0748\u00a0433, e-mail: nadia@artinbox.cz, nebo na facebooku.<\/p>\n<p>Ud\u00e1lost na facebooku m\u016f\u017eete sledovat a \u00fa\u010dast potvrdit zde: https:\/\/www.facebook.com\/events\/1136222029797156\/?notif_t=plan_user_associated&amp;notif_id=1474521799272177<\/p>\n<p><a rel=\"attachment wp-att-3650\" href=\"http:\/\/www.artinbox.cz\/?attachment_id=3650\" title=\"14462896_10153680950780927_5995847758999220922_n\"><img decoding=\"async\" loading=\"lazy\" class=\"alignnone size-full wp-image-3650\" title=\"14462896_10153680950780927_5995847758999220922_n\" src=\"http:\/\/www.artinbox.cz\/wp-content\/uploads\/2016\/09\/14462896_10153680950780927_5995847758999220922_n.jpg\" alt=\"\" width=\"480\" height=\"361\" srcset=\"https:\/\/www.artinbox.cz\/wp-content\/uploads\/2016\/09\/14462896_10153680950780927_5995847758999220922_n.jpg 480w, https:\/\/www.artinbox.cz\/wp-content\/uploads\/2016\/09\/14462896_10153680950780927_5995847758999220922_n-305x229.jpg 305w\" sizes=\"(max-width: 480px) 100vw, 480px\" \/><\/a><\/p>\n<p>16 \u2013 17 h. : Komentovan\u00e1 prohl\u00eddka v\u00fdstavy za \u00fa\u010dasti Aleny Zykmundov\u00e9, man\u017eelky zesnul\u00e9ho autora v\u00fdstavy.<\/p>\n<p>Ud\u00e1lost na facebooku m\u016f\u017eete sledovat a \u00fa\u010dast potvrdit zde: https:\/\/www.facebook.com\/events\/741586022645836\/?notif_t=plan_user_joined&amp;notif_id=1474525437474356<\/p>\n<div id=\"attachment_3651\" style=\"width: 610px\" class=\"wp-caption alignnone\"><a rel=\"attachment wp-att-3651\" href=\"http:\/\/www.artinbox.cz\/?attachment_id=3651\" title=\"zykmund v\u00fdhru\u017en\u00fd kompas\"><img aria-describedby=\"caption-attachment-3651\" decoding=\"async\" loading=\"lazy\" class=\"size-medium wp-image-3651\" title=\"zykmund v\u00fdhru\u017en\u00fd kompas\" src=\"http:\/\/www.artinbox.cz\/wp-content\/uploads\/2016\/09\/zykmund-v\u00fdhru\u017en\u00fd-kompas-600x589.jpg\" alt=\"\" width=\"600\" height=\"589\" srcset=\"https:\/\/www.artinbox.cz\/wp-content\/uploads\/2016\/09\/zykmund-v\u00fdhru\u017en\u00fd-kompas-600x589.jpg 600w, https:\/\/www.artinbox.cz\/wp-content\/uploads\/2016\/09\/zykmund-v\u00fdhru\u017en\u00fd-kompas-305x299.jpg 305w, https:\/\/www.artinbox.cz\/wp-content\/uploads\/2016\/09\/zykmund-v\u00fdhru\u017en\u00fd-kompas.jpg 944w\" sizes=\"(max-width: 600px) 100vw, 600px\" \/><\/a><p id=\"caption-attachment-3651\" class=\"wp-caption-text\">Foto: V\u00e1clav Zykmund, z cyklu V\u00fdhru\u017en\u00fd kompas<\/p><\/div>\n<p>Akce Wine &amp; Art Prague 2016<\/p>\n<p>prob\u00edh\u00e1 v sobotu 24.9.2016 od 10 do 17 h. v Artinbox Gallery a dal\u0161\u00edch 12 galeri\u00edch na Star\u00e9m m\u011bst\u011b pra\u017esk\u00e9m.<\/p>\n<p>Krom\u011b n\u00e1v\u0161t\u011bvy galeri\u00ed m\u016f\u017eete ochutnat vybran\u00e1 \u010desk\u00e1 a moravsk\u00e1 v\u00edna.<\/p>\n<p>Seznam galeri\u00ed a bli\u017e\u0161\u00ed informace o akci najdete zde:<br \/>\n<a href=\"http:\/\/www.vinoaumeni.cz\/akce\/\">http:\/\/www.vinoaumeni.cz\/akce\/<\/a> 41-pojdte-s-nami-cestou-vina-a -umeni<br \/>\nnebo na facebookov\u00e9m profilu: <a href=\"https:\/\/www.facebook.com\/vinoumeni\/\">https:\/\/www.facebook.com\/vinoumeni\/<\/a><\/p>\n<p>Sou\u010dasn\u011b v\u00e1m nab\u00edz\u00edme slevu 30% z b\u011b\u017en\u00e9ho vstupn\u00e9ho, kter\u00e9 zahrnuje voln\u00fd vstup do 13 galeri\u00ed a ochutn\u00e1vku 8 vzork\u016f v\u00edna.<\/p>\n<p>Po vypln\u011bn\u00ed registra\u010dn\u00edho formul\u00e1\u0159e na <a href=\"http:\/\/www.vinoaumeni.cz\/sleva-pro-registrovane-navstevniky.html\">http:\/\/www.vinoaumeni.cz\/sleva-pro-registrovane-navstevniky.html<\/a> obdr\u017e\u00edte mailem slevov\u00fd voucher.<\/p>\n","protected":false},"excerpt":{"rendered":"<p> [&hellip;]<\/p>\n","protected":false},"author":3,"featured_media":3650,"comment_status":"closed","ping_status":"closed","sticky":false,"template":"","format":"standard","meta":{"footnotes":""},"categories":[1],"tags":[],"_links":{"self":[{"href":"https:\/\/www.artinbox.cz\/index.php?rest_route=\/wp\/v2\/posts\/3649"}],"collection":[{"href":"https:\/\/www.artinbox.cz\/index.php?rest_route=\/wp\/v2\/posts"}],"about":[{"href":"https:\/\/www.artinbox.cz\/index.php?rest_route=\/wp\/v2\/types\/post"}],"author":[{"embeddable":true,"href":"https:\/\/www.artinbox.cz\/index.php?rest_route=\/wp\/v2\/users\/3"}],"replies":[{"embeddable":true,"href":"https:\/\/www.artinbox.cz\/index.php?rest_route=%2Fwp%2Fv2%2Fcomments&post=3649"}],"version-history":[{"count":5,"href":"https:\/\/www.artinbox.cz\/index.php?rest_route=\/wp\/v2\/posts\/3649\/revisions"}],"predecessor-version":[{"id":3656,"href":"https:\/\/www.artinbox.cz\/index.php?rest_route=\/wp\/v2\/posts\/3649\/revisions\/3656"}],"wp:featuredmedia":[{"embeddable":true,"href":"https:\/\/www.artinbox.cz\/index.php?rest_route=\/wp\/v2\/media\/3650"}],"wp:attachment":[{"href":"https:\/\/www.artinbox.cz\/index.php?rest_route=%2Fwp%2Fv2%2Fmedia&parent=3649"}],"wp:term":[{"taxonomy":"category","embeddable":true,"href":"https:\/\/www.artinbox.cz\/index.php?rest_route=%2Fwp%2Fv2%2Fcategories&post=3649"},{"taxonomy":"post_tag","embeddable":true,"href":"https:\/\/www.artinbox.cz\/index.php?rest_route=%2Fwp%2Fv2%2Ftags&post=3649"}],"curies":[{"name":"wp","href":"https:\/\/api.w.org\/{rel}","templated":true}]}}