{"id":3584,"date":"2016-04-19T20:14:06","date_gmt":"2016-04-19T20:14:06","guid":{"rendered":"http:\/\/www.artinbox.cz\/?p=3584"},"modified":"2016-04-20T08:49:03","modified_gmt":"2016-04-20T08:49:03","slug":"artinbox-na-prague-photo-2016","status":"publish","type":"post","link":"https:\/\/www.artinbox.cz\/?p=3584","title":{"rendered":"ARTINBOX na PRAGUE PHOTO 2016"},"content":{"rendered":"<p><a rel=\"attachment wp-att-3585\" href=\"http:\/\/www.artinbox.cz\/?attachment_id=3585\" title=\"praguephoto\"><img decoding=\"async\" loading=\"lazy\" class=\"alignnone size-full wp-image-3585\" title=\"praguephoto\" src=\"http:\/\/www.artinbox.cz\/wp-content\/uploads\/2016\/04\/praguephoto.jpg\" alt=\"\" width=\"150\" height=\"150\" \/><\/a><\/p>\n<p>(19. &#8211; 24. 4. 2016)<\/p>\n<p>vernis\u00e1\u017e: pond\u011bl\u00ed 18. 4. 2016, od 18 h.<br \/>\nud\u00e1lost na FB: publikaci.<a rel=\"nofollow\" href=\"https:\/\/www.facebook.com\/events\/541133522755271\/\">https:\/\/www.facebook.com\/events\/541133522755271\/<\/a><\/p>\n<p><a rel=\"nofollow\" href=\"https:\/\/www.facebook.com\/events\/541133522755271\/\"><\/a>fotografie z p\u0159\u00edprav, vernis\u00e1\u017ee a pr\u016fb\u011bhu akce zde:<a href=\"https:\/\/www.facebook.com\/media\/set\/?set=a.1016379525101402.1073741883.100551130017584&amp;type=3&amp;uploaded=30\">https:\/\/www.facebook.com\/media\/set\/?set=a.1016379525101402.1073741883.100551130017584&amp;type=3&amp;uploaded=30<\/a><\/p>\n<p>Kafk\u016fv d\u016fm, n\u00e1m\u011bst\u00ed Franze Kafky 3, Praha 1<\/p>\n<p>Artinbox Gallery na Prague Photo 2016:<\/p>\n<p>Alexander Hammid<br \/>\nHella Hammid<br \/>\nV\u00e1clav Chochola<br \/>\nJan Lukas<br \/>\nJan Svoboda<br \/>\nStanislav T\u016fma<\/p>\n<p>CZECH FUNDAMENTAL &#8211; prezentace projektu mapuj\u00edc\u00edho v\u00fdvoj \u010desk\u00e9 fotografie.<br \/>\nProjekt stav\u00ed do kontrastu sv\u011btov\u011b proslul\u00e1 fotografick\u00e1 d\u00edla \u010desk\u00e9 avantgardy 20. let minul\u00e9ho stolet\u00ed s posledn\u00ed \u010dist\u011b analogovou tvorbou nejorigin\u00e1ln\u011bj\u0161\u00edch sou\u010dasn\u00fdch autor\u016f z konce minul\u00e9ho stolet\u00ed. Projekt byl uveden v r. 2013 v galerii Photo Edition Berlin a v r. 2015 v Museo di Roma Trastevere v \u0158\u00edm\u011b. \u010cty\u0159icet sedm autor\u016f a sto sedmdes\u00e1t sedm fotografick\u00fdch reprodukc\u00ed p\u0159edkl\u00e1d\u00e1 pohled na v\u00fdvoj \u010desk\u00e9 v\u00fdtvarn\u00e9 fotografie v minul\u00e9m stolet\u00ed o\u010dima autor\u016f projektu: Suzanne Pastor, prvn\u00ed \u0159editelky a spoluzakladatelky Pra\u017esk\u00e9ho domu fotografie (dnes GHMP) a Gunthera Dietricha, \u0159editele galerie PHOTO EDITION v Berl\u00edn\u011b.<\/p>\n<p>Video z v\u00fdstavy v \u0158\u00edm\u011b zde:\u00a0<a href=\"https:\/\/www.youtube.com\/watch?v=yZYfNxmV9VY&amp;feature=youtu.be\" rel=\"shadowbox[sbpost-3584];player=swf;width=640;height=385;\" target=\"_blank\">https:\/\/www.youtube.com\/watch?v=yZYfNxmV9VY&amp;feature=youtu.be<\/a><\/p>\n<p>DOPROVODN\u00dd PROGRAM ARTINBOX GALLERY NA ART PRAGUE 2016:<br \/>\n1.\/<br \/>\nst\u0159eda 20. 4. 2016 od 17 h., Kafk\u016fv d\u016fm, expozice Artinbox Gallery, 1. patro<br \/>\nPrezentace nov\u00fdch fotografick\u00fdch publikac\u00ed vydan\u00fdch ve spolupr\u00e1ci Artinbox Gallery a KANT Karla Kerlick\u00e9ho:<br \/>\nPromluv\u00ed: Nadia Rovderov\u00e1 (Artinbox, spoluautorka 3 publikac\u00ed), Suzanne Pastor (spoluautorka autorka Czech Fundamental), Karel Kerlick\u00fd (nakladatelstv\u00ed KANT)<\/p>\n<p>Nov\u011b vydan\u00e9 publikace:<\/p>\n<p>I. Czech Fundamental \/ Suzanne Pastor, Gunther Dietrich<br \/>\nII. Jan Lukas: Lid\u00e9 \/ People 1930 &#8211; 1995 \/ Helena Lukas, Nadia Rovderov\u00e1<br \/>\nIII. Hella Hammid: Osud \u017eeny \/ Feminine Fate \/ Petra K. Hammid, Nadia Rovderov\u00e1<br \/>\nIV. Stanislav T\u016fma: Different View \/ Jin\u00fd pohled \/ Nadia Rovderov\u00e1 \/ Ji\u0159ina Borkovcov\u00e1 &#8211; T\u016fmov\u00e1<\/p>\n<p>Dal\u0161\u00ed prezentovan\u00e1 fotografick\u00e1 publikace v r\u00e1mci ve\u010dera:<\/p>\n<p>PPRA\u017dSK\u00dd D\u016eM FOTOGRAFIE 25 LET<br \/>\nVydalo FotroForum 2016<br \/>\ntexty, chronologie, data zpracoval Josef Moucha<\/p>\n<p>Promluv\u00ed: Josef Moucha, Zden\u011bk Lhot\u00e1k<\/p>\n<p>Publikace PHP 25 let bilancuje uplynul\u00e9 \u010dtvrtstolet\u00ed Pra\u017esk\u00e9ho domu fotografie prost\u0159ednictv\u00edm uk\u00e1zek tvorby v\u00fdznamn\u00fdch soudob\u00fdch fotografek a fotograf\u016f, \u010dlen\u016f PHP, jejich tvorby z obdob\u00ed vzniku PHP i sou\u010dasn\u00e9. Kniha je dopln\u011bna ilustrovanou chronologi\u00ed v\u00fdznamn\u00fdch dat s v\u011bcn\u00fdmi charakteristikami nejv\u00fdznamn\u011bj\u0161\u00edch ud\u00e1lost\u00ed v rozvoji spolku.<\/p>\n<p>2.\/<br \/>\np\u00e1tek 22. 4. 2016 od 18 h., Kafk\u016fv d\u016fm, expozice Artinbox Gallery, 1. patro<\/p>\n<p>Debata a projekce k v\u00fdstav\u011b:<br \/>\nRUSKO 1896 &#8211; 2016 \/ P\u0159\u00edb\u011bh Ruska o\u010dima t\u0159\u00ed \u010desk\u00fdch fotograf\u016f.<\/p>\n<p>Promluv\u00ed: Dana Kyndrov\u00e1 (autorka), Pavel Scheufler (kur\u00e1tor), Nadia Rovderov\u00e1 (kur\u00e1torka, Artinbox Gallery).<\/p>\n<p>V\u00fdstava v kv\u011btnu prob\u011bhne v Artinbox Gallery.<\/p>\n<p>Auto\u0159i: Dana Kyndrov\u00e1, Franti\u0161ek Kr\u00e1tk\u00fd, nezn\u00e1m\u00fd legion\u00e1\u0159, kur\u00e1to\u0159i: Pavel Scheufler, Nadia Rovderov\u00e1<\/p>\n<p>V\u00fdstava chce p\u0159isp\u011bt k diskusi, co je pro Rusko typick\u00e9, zvl\u00e1\u0161tn\u00ed a nem\u011bnn\u00e9 a co se zm\u011bnilo. T\u0159i auto\u0159i, t\u0159i epochy, t\u0159i styly &#8211; v mozaice skl\u00e1daj\u00ed obraz prom\u011bn fotografie jako m\u00e9dia v odstupu 120 let na obrazu Ruska a mo\u017en\u00e1 pom\u016f\u017eou nal\u00e9zt cestu k pochopen\u00ed rusk\u00e9 du\u0161e. \u017divnostensk\u00fd fotograf Franti\u0161ek Kr\u00e1tk\u00fd p\u0159ijel do Ruska na ja\u0159e 1896 fotografovat carskou korunovaci. Nezn\u00e1m\u00fd fotoamat\u00e9r legion\u00e1\u0159 v letech 1918-1919 fotografoval lidi kolem transsibi\u0159sk\u00e9 magistr\u00e1ly. Cyklus &#8222;Rusov\u00e9 \u2026 jejich ikony a touhy\u201d fotografovala Dana Kyndrov\u00e1, kter\u00e1 se v\u011bnuje tomuto t\u00e9matu t\u00e9m\u011b\u0159 \u010dty\u0159icet let, v minul\u00e9m roce vydala rovn\u011b\u017e stejnojmennou publikaci.<\/p>\n","protected":false},"excerpt":{"rendered":"<p> [&hellip;]<\/p>\n","protected":false},"author":3,"featured_media":3585,"comment_status":"closed","ping_status":"closed","sticky":false,"template":"","format":"standard","meta":{"footnotes":""},"categories":[1],"tags":[],"_links":{"self":[{"href":"https:\/\/www.artinbox.cz\/index.php?rest_route=\/wp\/v2\/posts\/3584"}],"collection":[{"href":"https:\/\/www.artinbox.cz\/index.php?rest_route=\/wp\/v2\/posts"}],"about":[{"href":"https:\/\/www.artinbox.cz\/index.php?rest_route=\/wp\/v2\/types\/post"}],"author":[{"embeddable":true,"href":"https:\/\/www.artinbox.cz\/index.php?rest_route=\/wp\/v2\/users\/3"}],"replies":[{"embeddable":true,"href":"https:\/\/www.artinbox.cz\/index.php?rest_route=%2Fwp%2Fv2%2Fcomments&post=3584"}],"version-history":[{"count":11,"href":"https:\/\/www.artinbox.cz\/index.php?rest_route=\/wp\/v2\/posts\/3584\/revisions"}],"predecessor-version":[{"id":3602,"href":"https:\/\/www.artinbox.cz\/index.php?rest_route=\/wp\/v2\/posts\/3584\/revisions\/3602"}],"wp:featuredmedia":[{"embeddable":true,"href":"https:\/\/www.artinbox.cz\/index.php?rest_route=\/wp\/v2\/media\/3585"}],"wp:attachment":[{"href":"https:\/\/www.artinbox.cz\/index.php?rest_route=%2Fwp%2Fv2%2Fmedia&parent=3584"}],"wp:term":[{"taxonomy":"category","embeddable":true,"href":"https:\/\/www.artinbox.cz\/index.php?rest_route=%2Fwp%2Fv2%2Fcategories&post=3584"},{"taxonomy":"post_tag","embeddable":true,"href":"https:\/\/www.artinbox.cz\/index.php?rest_route=%2Fwp%2Fv2%2Ftags&post=3584"}],"curies":[{"name":"wp","href":"https:\/\/api.w.org\/{rel}","templated":true}]}}