{"id":3268,"date":"2015-05-15T11:38:43","date_gmt":"2015-05-15T11:38:43","guid":{"rendered":"http:\/\/www.artinbox.cz\/?p=3268"},"modified":"2018-02-23T22:36:18","modified_gmt":"2018-02-23T22:36:18","slug":"philippe-dollo-lukas-houdek-odsun-expulsion-15-5-%e2%80%93-12-6-2015","status":"publish","type":"post","link":"https:\/\/www.artinbox.cz\/?p=3268","title":{"rendered":"Philippe Dollo\/ Luk\u00e1\u0161 Houdek"},"content":{"rendered":"<p>Artinbox Gallery zve na vernis\u00e1\u017e v\u00fdstavy: \/ invites you to the opening of the exhibition:<\/p>\n<p>PHILIPPE DOLLO \/ LUK\u00c1\u0160 HOUDEK:<br \/>\nODSUN \/ EXPULSION<br \/>\n(15. 5. \u2013 12. 6. 2015)<\/p>\n<p>vernis\u00e1\u017e \/ opening: p\u00e1tek \/ friday 15. 5. 2015, od 18 h., fr. 6 p.m.<\/p>\n<p><a rel=\"attachment wp-att-3269\" href=\"http:\/\/www.artinbox.cz\/?attachment_id=3269\" title=\"umeni dosidlit male\"><img decoding=\"async\" loading=\"lazy\" class=\"alignleft size-large wp-image-3269\" title=\"umeni dosidlit male\" src=\"http:\/\/www.artinbox.cz\/wp-content\/uploads\/2015\/05\/umeni-dosidlit-male-1024x682.jpg\" alt=\"\" width=\"1024\" height=\"682\" srcset=\"https:\/\/www.artinbox.cz\/wp-content\/uploads\/2015\/05\/umeni-dosidlit-male-1024x682.jpg 1024w, https:\/\/www.artinbox.cz\/wp-content\/uploads\/2015\/05\/umeni-dosidlit-male-600x400.jpg 600w, https:\/\/www.artinbox.cz\/wp-content\/uploads\/2015\/05\/umeni-dosidlit-male-305x203.jpg 305w, https:\/\/www.artinbox.cz\/wp-content\/uploads\/2015\/05\/umeni-dosidlit-male.jpg 1929w\" sizes=\"(max-width: 1024px) 100vw, 1024px\" \/><\/a><a rel=\"attachment wp-att-3270\" href=\"http:\/\/www.artinbox.cz\/?attachment_id=3270\" title=\"Dollo_08\"><img decoding=\"async\" loading=\"lazy\" class=\"alignleft size-large wp-image-3270\" title=\"Dollo_08\" src=\"http:\/\/www.artinbox.cz\/wp-content\/uploads\/2015\/05\/Dollo_08-1024x762.jpg\" alt=\"\" width=\"1024\" height=\"762\" srcset=\"https:\/\/www.artinbox.cz\/wp-content\/uploads\/2015\/05\/Dollo_08-1024x762.jpg 1024w, https:\/\/www.artinbox.cz\/wp-content\/uploads\/2015\/05\/Dollo_08-600x446.jpg 600w, https:\/\/www.artinbox.cz\/wp-content\/uploads\/2015\/05\/Dollo_08-305x227.jpg 305w, https:\/\/www.artinbox.cz\/wp-content\/uploads\/2015\/05\/Dollo_08.jpg 1074w\" sizes=\"(max-width: 1024px) 100vw, 1024px\" \/><\/a>Letos uplyne 70 let od vyd\u00e1n\u00ed Bene\u0161ov\u00fdch dekret\u016f a n\u00e1sledn\u00fdch odsun\u016f n\u011bmeck\u00e9ho obyvatelstva z \u010desk\u00e9ho pohrani\u010d\u00ed Tyto ud\u00e1losti ani po letech neztratily na nal\u00e9havosti a aktu\u00e1lnosti. V\u00fdstava ODSUN v pra\u017esk\u00e9 galerii Artinbox p\u0159ipomene toto smutn\u00e9 v\u00fdro\u010d\u00ed, prost\u0159ednictv\u00edm fotografi\u00ed dvou autor\u016f. Luk\u00e1\u0161 Houdek, vyr\u016fstal v odsunem posti\u017een\u00e9 oblasti, a d\u011bsiv\u00e9 ud\u00e1losti rekonstruuje na z\u00e1klad\u011b archivn\u00edch spis\u016f. Francouzsk\u00fd\u00a0fotograf Phillippe Dollo v t\u00e9m\u011b\u0159 detektivn\u00ed roli zkoum\u00e1 oblast Sudet a hled\u00e1 pochopen\u00ed k p\u0159\u00edstupu \u010cech\u016f k t\u00e9to nelichotiv\u00e9 str\u00e1nce jejich historie.<\/p>\n<p>This year marks the 70th year since the Bene\u0161 decrees issue and the subsequent expulsion of the German population from the Czech border regions. These events feel burning and relevant even after so many years. The &#8222;EXPULSION&#8220; exhibition in Prague Artinbox Gallery commemorates this sad anniversary, through photographs of two authors. Luk\u00e1\u0161 Houdek grew up in the area affected by deportation, and he reconstructs the frightening events with the help of archive files. French photographer Philippe Dollo, like a detective, investigates the role of Sudeten and seeks to understand the approach of the Czechs during this unflattering page of their history.<\/p>\n<p>Kur\u00e1torka \/ curated by: Nadia Rovderov\u00e1<\/p>\n","protected":false},"excerpt":{"rendered":"<p> [&hellip;]<\/p>\n","protected":false},"author":3,"featured_media":3269,"comment_status":"closed","ping_status":"closed","sticky":false,"template":"","format":"standard","meta":{"footnotes":""},"categories":[1,3,10],"tags":[],"_links":{"self":[{"href":"https:\/\/www.artinbox.cz\/index.php?rest_route=\/wp\/v2\/posts\/3268"}],"collection":[{"href":"https:\/\/www.artinbox.cz\/index.php?rest_route=\/wp\/v2\/posts"}],"about":[{"href":"https:\/\/www.artinbox.cz\/index.php?rest_route=\/wp\/v2\/types\/post"}],"author":[{"embeddable":true,"href":"https:\/\/www.artinbox.cz\/index.php?rest_route=\/wp\/v2\/users\/3"}],"replies":[{"embeddable":true,"href":"https:\/\/www.artinbox.cz\/index.php?rest_route=%2Fwp%2Fv2%2Fcomments&post=3268"}],"version-history":[{"count":9,"href":"https:\/\/www.artinbox.cz\/index.php?rest_route=\/wp\/v2\/posts\/3268\/revisions"}],"predecessor-version":[{"id":3996,"href":"https:\/\/www.artinbox.cz\/index.php?rest_route=\/wp\/v2\/posts\/3268\/revisions\/3996"}],"wp:featuredmedia":[{"embeddable":true,"href":"https:\/\/www.artinbox.cz\/index.php?rest_route=\/wp\/v2\/media\/3269"}],"wp:attachment":[{"href":"https:\/\/www.artinbox.cz\/index.php?rest_route=%2Fwp%2Fv2%2Fmedia&parent=3268"}],"wp:term":[{"taxonomy":"category","embeddable":true,"href":"https:\/\/www.artinbox.cz\/index.php?rest_route=%2Fwp%2Fv2%2Fcategories&post=3268"},{"taxonomy":"post_tag","embeddable":true,"href":"https:\/\/www.artinbox.cz\/index.php?rest_route=%2Fwp%2Fv2%2Ftags&post=3268"}],"curies":[{"name":"wp","href":"https:\/\/api.w.org\/{rel}","templated":true}]}}