{"id":1330,"date":"2011-05-14T12:41:23","date_gmt":"2011-05-14T12:41:23","guid":{"rendered":"http:\/\/www.artinbox.cz\/?p=1330"},"modified":"2011-05-15T14:03:24","modified_gmt":"2011-05-15T14:03:24","slug":"umeni-porodit-the-art-of-birth","status":"publish","type":"post","link":"https:\/\/www.artinbox.cz\/?p=1330","title":{"rendered":"UM\u011aN\u00cd PORODIT \/ THE ART OF BIRTH"},"content":{"rendered":"<p style=\"text-align: center;\"><a rel=\"attachment wp-att-1331\" href=\"http:\/\/www.artinbox.cz\/?attachment_id=1331\" title=\"UM\u011aN\u00cd PORODIT \/ THE ART OF BIRTH\"><img decoding=\"async\" loading=\"lazy\" class=\"size-full wp-image-1331 aligncenter\" title=\"UM\u011aN\u00cd PORODIT \/ THE ART OF BIRTH\" src=\"http:\/\/www.artinbox.cz\/wp-content\/uploads\/2011\/05\/BANNER-POROD.jpg\" alt=\"\" width=\"858\" height=\"124\" srcset=\"https:\/\/www.artinbox.cz\/wp-content\/uploads\/2011\/05\/BANNER-POROD.jpg 2268w, https:\/\/www.artinbox.cz\/wp-content\/uploads\/2011\/05\/BANNER-POROD-600x86.jpg 600w, https:\/\/www.artinbox.cz\/wp-content\/uploads\/2011\/05\/BANNER-POROD-1024x148.jpg 1024w, https:\/\/www.artinbox.cz\/wp-content\/uploads\/2011\/05\/BANNER-POROD-305x44.jpg 305w\" sizes=\"(max-width: 858px) 100vw, 858px\" \/><\/a><\/p>\n<h3>Artinbox Gallery<br \/>\nv\u00e1s srde\u010dn\u011b zve na v\u00fdstavu: \/ cordially invites you to exhibition:<br \/>\nUM\u011aN\u00cd PORODIT \/ THE ART OF BIRTH<\/h3>\n<p>Zamy\u0161len\u00ed nad na\u0161im p\u0159\u00edchodem na tento sv\u011bt v d\u00edlech mistr\u016f sou\u010dasn\u00fdch,<br \/>\nminul\u00fdch i budouc\u00edch. Druh\u00e1 t\u00e9ma\u00adtick\u00e1 v\u00fdstava v galerii Artinbox.<\/p>\n<p>Contemplating our arrival on this world thrue the works of masters of the<br \/>\npast, present and future. The second thematic exhibition in the gallery<br \/>\nArtinbox.<\/p>\n<p>11.5. &#8211; 5.6.2011<\/p>\n<h3>kur\u00e1torka \/ curator:<\/h3>\n<p>Nadia Rovderov\u00e1<\/p>\n<h3>auto\u0159i \/ authors:<\/h3>\n<p>Veronika Bromov\u00e1,\u00a0Milan Cais,\u00a0Radka Dole\u017ealov\u00e1,\u00a0Philippe Dollo,\u00a0Andrea Forsterov\u00e1,\u00a0Kurt Gebauer,\u00a0Martina Chloupa,\u00a0X\u00e9nia Hoffmeisterov\u00e1,\u00a0Michaela Huffsteter,\u00a0prof. Jan E. Jir\u00e1sek,\u00a0Lenka Klodov\u00e1,\u00a0Martina Niubo Klouzov\u00e1,\u00a0Pavel M\u00e1ra,\u00a0Eva Melo,\u00a0Petr Nikl,\u00a0Suzanne Pastor,\u00a0Dan Pe\u0161ta,\u00a0Jan Pi\u0161t\u011bk,\u00a0Lubo\u0161 Pln\u00fd,\u00a0Hana Poislov\u00e1,\u00a0Minna Pyyhkala,\u00a0Nadia Rovderov\u00e1,\u00a0Pavla a Matou\u0161 \u0158e\u0159ichovi,\u00a0Paulina Skavov\u00e1,\u00a0Helena Staub,\u00a0Ji\u0159\u00ed Sur\u016fvka,\u00a0Martina a Martin \u0160\u00e1rovcovi,\u00a0Julie \u0160tybnarov\u00e1,\u00a0Eva a Jan \u0160vankmajerovi,\u00a0L\u00edba Taylor,\u00a0Roman Trabura,\u00a0Tom\u00e1\u0161 Valu\u0161ek,\u00a0Jindra Vikov\u00e1,\u00a0Anna Zem\u00e1nkov\u00e1,\u00a0Peter \u017dupn\u00edk<\/p>\n<div class=\"photogalleria\"><ul class=\"gallery_list\">\n\t\t<li><img src=\"https:\/\/www.artinbox.cz\/wp-content\/uploads\/2011\/05\/DSC01496-e1305900215892-600x800.jpg\" alt=\"Martinka: Miminko, textil, 2011\" title=\"Martinka: Miminko, textil, 2011\r\n- 7 500,- K\u010d\" \/><\/li>\n\t\t<li><img src=\"https:\/\/www.artinbox.cz\/wp-content\/uploads\/2011\/05\/DSC01494-e1305900734961-600x800.jpg\" alt=\"Martinka: Miminko, textil, 2011\" title=\"Martinka: Miminko, textil, 2011\r\n- 7 500,- K\u010d\" \/><\/li>\n\t\t<li><img src=\"https:\/\/www.artinbox.cz\/wp-content\/uploads\/2011\/05\/DSC01484-e1305900804552-600x800.jpg\" alt=\"Martinka: Miminko, textil, 2011\" title=\"Martinka: Miminko, textil, 2011\r\n- 7 500,- K\u010d\" \/><\/li>\n\t\t<li><img src=\"https:\/\/www.artinbox.cz\/wp-content\/uploads\/2011\/05\/DSC01483-e1305900839351-600x800.jpg\" alt=\"Martinka: Miminko, textil, 2011\" title=\"Martinka: Miminko, textil, 2011\r\n- 7 500,- K\u010d\" \/><\/li>\n\t\t<li><img src=\"https:\/\/www.artinbox.cz\/wp-content\/uploads\/2011\/05\/DSC01460-e1305900863333-600x800.jpg\" alt=\"Martin \u0160\u00e1rovec: Hus\u00e1kovi d\u011bti III, 54x41 cm, akryl email a lesnick\u00e1 k\u0159\u00edda na v\u00fd\u0161ivce\" title=\"Martin \u0160\u00e1rovec: Hus\u00e1kovi d\u011bti III, 54x41 cm, akryl email a lesnick\u00e1 k\u0159\u00edda na v\u00fd\u0161ivce\r\n- 13 500,- K\u010d\" \/><\/li>\n\t\t<li><img src=\"https:\/\/www.artinbox.cz\/wp-content\/uploads\/2011\/05\/DSC01457-e1305900962464-600x800.jpg\" alt=\"Martinka: Miminko, textil, 2011\" title=\"Martinka: Miminko, textil, 2011\r\n- 7 500,- K\u010d\" \/><\/li>\n\t\t<li><img src=\"https:\/\/www.artinbox.cz\/wp-content\/uploads\/2011\/05\/DSC01430-e1305900985714-600x800.jpg\" alt=\"Martinka: Miminko, textil, 2011\" title=\"Martinka: Miminko, textil, 2011\r\n- 7 500,- K\u010d\" \/><\/li>\n\t\t<li><img src=\"https:\/\/www.artinbox.cz\/wp-content\/uploads\/2011\/05\/DSC01425-e1305901142439-600x800.jpg\" alt=\"Martin \u0160\u00e1rovec: Hus\u00e1kovi d\u011bti II, 54x41 cm, akryl email a lesnick\u00e1 k\u0159\u00edda na v\u00fd\u0161ivce\" title=\"Martin \u0160\u00e1rovec: Hus\u00e1kovi d\u011bti II, 54x41 cm, akryl email a lesnick\u00e1 k\u0159\u00edda na v\u00fd\u0161ivce\r\n- 13 500,- K\u010d\" \/><\/li>\n\t\t<li><img src=\"https:\/\/www.artinbox.cz\/wp-content\/uploads\/2011\/05\/DSC01424-e1305901167845-600x800.jpg\" alt=\"Martin \u0160\u00e1rovec: Hus\u00e1kovi d\u011bti I, 54x41 cm, akryl email a lesnick\u00e1 k\u0159\u00edda na v\u00fd\u0161ivce\" title=\"Martin \u0160\u00e1rovec: Hus\u00e1kovi d\u011bti I, 54x41 cm, akryl email a lesnick\u00e1 k\u0159\u00edda na v\u00fd\u0161ivce\r\n- 13 500,- K\u010d\" \/><\/li>\n\t\t<li><img src=\"https:\/\/www.artinbox.cz\/wp-content\/uploads\/2011\/05\/kolouch-5-600x401.jpg\" alt=\"Kolouch\u016fv sen: Vid\u011bn\u00ed svat\u00e9ho Koloucha, 2010, barevn\u00e1 fotografie\" title=\"Kolouch\u016fv sen: Vid\u011bn\u00ed svat\u00e9ho Koloucha, 2010, barevn\u00e1 fotografie\r\n8 000,- K\u010d\" \/><\/li>\n\t\t<li><img src=\"https:\/\/www.artinbox.cz\/wp-content\/uploads\/2011\/05\/kolouch-4-533x800.jpg\" alt=\"Kolouch\u016fv sen: Vid\u011bn\u00ed svat\u00e9ho Koloucha, 2010, barevn\u00e1 fotografie\" title=\"Kolouch\u016fv sen: Vid\u011bn\u00ed svat\u00e9ho Koloucha, 2010, barevn\u00e1 fotografie\r\n8 000,- K\u010d\" \/><\/li>\n\t\t<li><img src=\"https:\/\/www.artinbox.cz\/wp-content\/uploads\/2011\/05\/kolouch-3-600x401.jpg\" alt=\"Kolouch\u016fv sen: Vid\u011bn\u00ed svat\u00e9ho Koloucha, 2010, barevn\u00e1 fotografie\" title=\"Kolouch\u016fv sen: Vid\u011bn\u00ed svat\u00e9ho Koloucha, 2010, barevn\u00e1 fotografie\r\n8 000,- K\u010d\" \/><\/li>\n\t\t<li><img src=\"https:\/\/www.artinbox.cz\/wp-content\/uploads\/2011\/05\/kolouch-2-533x800.jpg\" alt=\"Kolouch\u016fv sen: Velk\u00fd b\u00edl\u00fd kr\u00e1l\u00edk, barevn\u00e1 fotografie, 2009\" title=\"Kolouch\u016fv sen: Velk\u00fd b\u00edl\u00fd kr\u00e1l\u00edk, barevn\u00e1 fotografie, 2009\r\n8 000,- K\u010d\" \/><\/li>\n\t\t<li><img src=\"https:\/\/www.artinbox.cz\/wp-content\/uploads\/2011\/05\/nikl.jpg\" alt=\"Petr Nikl: Narozen\u00ed Ko\u010di\u010dky, mezzotinta, 1990\" title=\"Petr Nikl: Narozen\u00ed Ko\u010di\u010dky, mezzotinta, 1990\" \/><\/li>\n\t\t<li><img src=\"https:\/\/www.artinbox.cz\/wp-content\/uploads\/2011\/05\/rerichaa-Contacts-baby-taven\u00e1-sklen\u011bn\u00e1-plastika+um\u011bl\u00fd-k\u00e1men-MALE-600x382.jpg\" alt=\"Martin \u0158e\u0159icha: Contact's baby, taven\u00e1 sklen\u011bn\u00e1 plastika, um\u011bl\u00fd k\u00e1men, 2004\" title=\"Martin \u0158e\u0159icha: Contact's baby, taven\u00e1 sklen\u011bn\u00e1 plastika, um\u011bl\u00fd k\u00e1men, 2004\" \/><\/li>\n\t\t<li><img src=\"https:\/\/www.artinbox.cz\/wp-content\/uploads\/2011\/05\/9.Z\u00e1kladn\u00ed-vzor-tetov\u00e1n\u00ed-+barevn\u00e1-fotografie-MALE-600x424.jpg\" alt=\"Pavla a Matou\u0161 \u0158e\u0159ichovi: Z\u00e1kladn\u00ed vzor, barevn\u00e1 fotografie, 2007\" title=\"Pavla a Matou\u0161 \u0158e\u0159ichovi: Z\u00e1kladn\u00ed vzor, barevn\u00e1 fotografie, 2007\" \/><\/li>\n\t\t<li><img src=\"https:\/\/www.artinbox.cz\/wp-content\/uploads\/2011\/05\/Skavova-Lampa-_Archa_umluvy-23.jpg\" alt=\"Paul\u00edna Skavov\u00e1: lampa z cyklu Archa \u00famluvy, objekt, 2009\" title=\"Paul\u00edna Skavov\u00e1: lampa z cyklu Archa \u00famluvy, objekt, 2009\" \/><\/li>\n\t\t<li><img src=\"https:\/\/www.artinbox.cz\/wp-content\/uploads\/2011\/05\/archa_umluvy-24-DETAIL.jpg\" alt=\"Paul\u00edna Skavov\u00e1: lampa z cyklu Archa \u00famluvy, objekt, 2009\" title=\"Paul\u00edna Skavov\u00e1: lampa z cyklu Archa \u00famluvy, objekt, 2009\" \/><\/li>\n\t\t<li><img src=\"https:\/\/www.artinbox.cz\/wp-content\/uploads\/2011\/05\/DSCN0004_copie.jpg\" alt=\"Helena Staub: Hn\u00edzdo ,barevn\u00e1 fotografie, 2009\" title=\"Helena Staub: Hn\u00edzdo ,barevn\u00e1 fotografie, 2009\" \/><\/li>\n\t\t<li><img src=\"https:\/\/www.artinbox.cz\/wp-content\/uploads\/2011\/05\/Stodola-mohelka-2-600x265.jpg\" alt=\"Julie \u0160tybnarov\u00e1: Autoportr\u00e9ty (triptych), fotografie, 2005-08\" title=\"Julie \u0160tybnarov\u00e1: Autoportr\u00e9ty (triptych), fotografie, 2005-08\r\n- cena k vy\u017e\u00e1d\u00e1n\u00ed\" \/><\/li>\n\t\t<li><img src=\"https:\/\/www.artinbox.cz\/wp-content\/uploads\/2011\/05\/Stodola-Lipa-600x266.jpg\" alt=\"Julie \u0160tybnarov\u00e1: Autoportr\u00e9ty (triptych), fotografie, 2005-08\" title=\"Julie \u0160tybnarov\u00e1: Autoportr\u00e9ty (triptych), fotografie, 2005-08\r\n- cena k vy\u017e\u00e1d\u00e1n\u00ed\" \/><\/li>\n\t\t<li><img src=\"https:\/\/www.artinbox.cz\/wp-content\/uploads\/2011\/05\/Sad-2-600x266.jpg\" alt=\"Julie \u0160tybnarov\u00e1: Autoportr\u00e9ty (triptych), fotografie, 2005-08\" title=\"Julie \u0160tybnarov\u00e1: Autoportr\u00e9ty (triptych), fotografie, 2005-08\r\n- cena k vy\u017e\u00e1d\u00e1n\u00ed\" \/><\/li>\n\t\t<li><img src=\"https:\/\/www.artinbox.cz\/wp-content\/uploads\/2011\/05\/puda-2verze-600x265.jpg\" alt=\"Julie \u0160tybnarov\u00e1: Autoportr\u00e9ty (triptych), fotografie, 2005-08\" title=\"Julie \u0160tybnarov\u00e1: Autoportr\u00e9ty (triptych), fotografie, 2005-08\r\n- cena k vy\u017e\u00e1d\u00e1n\u00ed\" \/><\/li>\n\t\t<li><img src=\"https:\/\/www.artinbox.cz\/wp-content\/uploads\/2011\/05\/Mohelka-sednice2-600x266.jpg\" alt=\"Julie \u0160tybnarov\u00e1: Autoportr\u00e9ty (triptych), fotografie, 2005-08\" title=\"Julie \u0160tybnarov\u00e1: Autoportr\u00e9ty (triptych), fotografie, 2005-08\r\n- cena k vy\u017e\u00e1d\u00e1n\u00ed\" \/><\/li>\n\t\t<li><img src=\"https:\/\/www.artinbox.cz\/wp-content\/uploads\/2011\/05\/Mohelka-2-600x267.jpg\" alt=\"Julie \u0160tybnarov\u00e1: Autoportr\u00e9ty (triptych), fotografie, 2005-08\" title=\"Julie \u0160tybnarov\u00e1: Autoportr\u00e9ty (triptych), fotografie, 2005-08\r\n- cena k vy\u017e\u00e1d\u00e1n\u00ed\" \/><\/li>\n\t\t<li><img src=\"https:\/\/www.artinbox.cz\/wp-content\/uploads\/2011\/05\/Lom-2-verze-2-600x265.jpg\" alt=\"Julie \u0160tybnarov\u00e1: Autoportr\u00e9ty (triptych), fotografie, 2005-08\" title=\"Julie \u0160tybnarov\u00e1: Autoportr\u00e9ty (triptych), fotografie, 2005-08\r\n- cena k vy\u017e\u00e1d\u00e1n\u00ed\" \/><\/li>\n\t\t<li><img src=\"https:\/\/www.artinbox.cz\/wp-content\/uploads\/2011\/05\/Les-600x267.jpg\" alt=\"Julie \u0160tybnarov\u00e1: Autoportr\u00e9ty (triptych), fotografie, 2005-08\" title=\"Julie \u0160tybnarov\u00e1: Autoportr\u00e9ty (triptych), fotografie, 2005-08\r\n- cena k vy\u017e\u00e1d\u00e1n\u00ed\" \/><\/li>\n\t\t<li><img src=\"https:\/\/www.artinbox.cz\/wp-content\/uploads\/2011\/05\/Doudleby-2-600x266.jpg\" alt=\"Julie \u0160tybnarov\u00e1: Autoportr\u00e9ty (triptych), fotografie, 2005-08\" title=\"Julie \u0160tybnarov\u00e1: Autoportr\u00e9ty (triptych), fotografie, 2005-08\r\n- cena k vy\u017e\u00e1d\u00e1n\u00ed\" \/><\/li>\n\t\t<li><img src=\"https:\/\/www.artinbox.cz\/wp-content\/uploads\/2011\/05\/Byt-2-2-600x265.jpg\" alt=\"Julie \u0160tybnarov\u00e1: Autoportr\u00e9ty (triptych), fotografie, 2005-08\" title=\"Julie \u0160tybnarov\u00e1: Autoportr\u00e9ty (triptych), fotografie, 2005-08\r\n- cena k vy\u017e\u00e1d\u00e1n\u00ed\" \/><\/li>\n\t\t<li><img src=\"https:\/\/www.artinbox.cz\/wp-content\/uploads\/2011\/05\/Byt-1-2-600x266.jpg\" alt=\"Julie \u0160tybnarov\u00e1: Autoportr\u00e9ty (triptych), fotografie, 2005-08\" title=\"Julie \u0160tybnarov\u00e1: Autoportr\u00e9ty (triptych), fotografie, 2005-08\r\n- cena k vy\u017e\u00e1d\u00e1n\u00ed\" \/><\/li>\n\t\t<li><img src=\"https:\/\/www.artinbox.cz\/wp-content\/uploads\/2011\/05\/br\u0102\u02c7na-2-600x264.jpg\" alt=\"Julie \u0160tybnarov\u00e1: Autoportr\u00e9ty (triptych), fotografie, 2005-08\" title=\"Julie \u0160tybnarov\u00e1: Autoportr\u00e9ty (triptych), fotografie, 2005-08\r\n- cena k vy\u017e\u00e1d\u00e1n\u00ed\" \/><\/li>\n\t\t<li><img src=\"https:\/\/www.artinbox.cz\/wp-content\/uploads\/2011\/05\/taylor-liba-Porod-600x400.jpg\" alt=\"L\u00edba Taylor: Porod (San Fernando - Trinidad), barevn\u00e1 fotografie, 2006\" title=\"L\u00edba Taylor: Porod (San Fernando - Trinidad), barevn\u00e1 fotografie, 2006\" \/><\/li>\n\t\t<li><img src=\"https:\/\/www.artinbox.cz\/wp-content\/uploads\/2011\/05\/Cais-Milan-z_cyklu_rodina_nedotknutelnych_6-600x800.jpg\" alt=\"Cais Milan: Z cyklu Rodina nedotknuteln\u00fdch, pastel + komb. tech na kartonu, 40x30cm, 2007\" title=\"Cais Milan: Z cyklu Rodina nedotknuteln\u00fdch, pastel + komb. tech na kartonu, 40x30cm, 2007\r\n- 12 000,- K\u010d\" \/><\/li>\n\t\t<li><img src=\"https:\/\/www.artinbox.cz\/wp-content\/uploads\/2011\/05\/Cais-Milan-z_cyklu_rodina_nedotknutelnych_5-600x800.jpg\" alt=\"Cais Milan: Z cyklu Rodina nedotknuteln\u00fdch, pastel + komb. tech na kartonu, 40x30cm, 2007\" title=\"Cais Milan: Z cyklu Rodina nedotknuteln\u00fdch, pastel + komb. tech na kartonu, 40x30cm, 2007\r\n- 12 000,- K\u010d\" \/><\/li>\n\t\t<li><img src=\"https:\/\/www.artinbox.cz\/wp-content\/uploads\/2011\/05\/Cais-Milan-z_cyklu_rodina_nedotknutelnych_4-600x800.jpg\" alt=\"Cais Milan: Z cyklu Rodina nedotknuteln\u00fdch, pastel + komb. tech na kartonu, 40x30cm, 2007\" title=\"Cais Milan: Z cyklu Rodina nedotknuteln\u00fdch, pastel + komb. tech na kartonu, 40x30cm, 2007\r\n- 12 000,- K\u010d\" \/><\/li>\n\t\t<li><img src=\"https:\/\/www.artinbox.cz\/wp-content\/uploads\/2011\/05\/Cais-Milan-z_cyklu_rodina_nedotknutelnych_2-600x800.jpg\" alt=\"Cais Milan: Z cyklu Rodina nedotknuteln\u00fdch, pastel + komb. tech na kartonu, 40x30cm, 2007\" title=\"Cais Milan: Z cyklu Rodina nedotknuteln\u00fdch, pastel + komb. tech na kartonu, 40x30cm, 2007\r\n- 12 000,- K\u010d\" \/><\/li>\n\t\t<li><img src=\"https:\/\/www.artinbox.cz\/wp-content\/uploads\/2011\/05\/Cais-Milan-z_cyklu_rodina_nedotknutelnych_1-600x800.jpg\" alt=\"Cais Milan: Z cyklu Rodina nedotknuteln\u00fdch, pastel + komb. tech na kartonu, 40x30cm, 2007\" title=\"Cais Milan: Z cyklu Rodina nedotknuteln\u00fdch, pastel + komb. tech na kartonu, 40x30cm, 2007\r\n- 12 000,- K\u010d\" \/><\/li>\n\t\t<li><img src=\"https:\/\/www.artinbox.cz\/wp-content\/uploads\/2011\/05\/Sloup_4._-Geneze_v_plodove_vode-_2004-2008_kuze_pryskyrice_beton_v._200cm-333x800.jpg\" alt=\"Daniel Pe\u0161ta: Sloup 4 (Geneze v plodov\u00e9 vod\u011b), 2004-2008, k\u016f\u017ee, prysky\u0159ice, beton, v.200cm\" title=\"Daniel Pe\u0161ta: Sloup 4 (Geneze v plodov\u00e9 vod\u011b), 2004-2008, k\u016f\u017ee, prysky\u0159ice, beton, v.200cm\" \/><\/li>\n\t\t<li><img src=\"https:\/\/www.artinbox.cz\/wp-content\/uploads\/2011\/05\/Sloup_2_1998-2008_olej_na_platne_pryskyrice_betonv._250cm-327x800.jpg\" alt=\"Daniel Pe\u0161ta: Sloup 2, 1998-2008, olej na pl\u00e1tn\u011b, prysky\u0159ice, beton, v.250cm\" title=\"Daniel Pe\u0161ta: Sloup 2, 1998-2008, olej na pl\u00e1tn\u011b, prysky\u0159ice, beton, v.250cm\" \/><\/li>\n\t\t<li><img src=\"https:\/\/www.artinbox.cz\/wp-content\/uploads\/2011\/05\/dan-pe\u0161ta-pozv\u00e1nky-lightbox-600x543.jpg\" alt=\"Daniel Pe\u0161ta: Sloup \u010d.2 (detail), 1998\/08\" title=\"Daniel Pe\u0161ta: Sloup \u010d.2 (detail), 1998\/08\" \/><\/li>\n\t\t<li><img src=\"https:\/\/www.artinbox.cz\/wp-content\/uploads\/2011\/05\/BANNER-POROD-600x86.jpg\" alt=\"UM\u011aN\u00cd PORODIT \/ THE ART OF BIRTH\" title=\"UM\u011aN\u00cd PORODIT \/ THE ART OF BIRTH\" \/><\/li>\n\t<\/ul>\n<\/div>\n","protected":false},"excerpt":{"rendered":"<p>Zamy\u0161len\u00ed nad na\u0161im p\u0159\u00edchodem na tento sv\u011bt v d\u00edlech mistr\u016f sou\u010dasn\u00fdch,<br \/>\nminul\u00fdch i budouc\u00edch. Druh\u00e1 t\u00e9ma\u00adtick\u00e1 v\u00fdstava v galerii Artinbox.<br \/>\n11.5. &#8211; 5.6.2011<\/p>\n","protected":false},"author":4,"featured_media":1332,"comment_status":"closed","ping_status":"closed","sticky":false,"template":"","format":"standard","meta":{"footnotes":""},"categories":[1],"tags":[],"_links":{"self":[{"href":"https:\/\/www.artinbox.cz\/index.php?rest_route=\/wp\/v2\/posts\/1330"}],"collection":[{"href":"https:\/\/www.artinbox.cz\/index.php?rest_route=\/wp\/v2\/posts"}],"about":[{"href":"https:\/\/www.artinbox.cz\/index.php?rest_route=\/wp\/v2\/types\/post"}],"author":[{"embeddable":true,"href":"https:\/\/www.artinbox.cz\/index.php?rest_route=\/wp\/v2\/users\/4"}],"replies":[{"embeddable":true,"href":"https:\/\/www.artinbox.cz\/index.php?rest_route=%2Fwp%2Fv2%2Fcomments&post=1330"}],"version-history":[{"count":19,"href":"https:\/\/www.artinbox.cz\/index.php?rest_route=\/wp\/v2\/posts\/1330\/revisions"}],"predecessor-version":[{"id":1379,"href":"https:\/\/www.artinbox.cz\/index.php?rest_route=\/wp\/v2\/posts\/1330\/revisions\/1379"}],"wp:featuredmedia":[{"embeddable":true,"href":"https:\/\/www.artinbox.cz\/index.php?rest_route=\/wp\/v2\/media\/1332"}],"wp:attachment":[{"href":"https:\/\/www.artinbox.cz\/index.php?rest_route=%2Fwp%2Fv2%2Fmedia&parent=1330"}],"wp:term":[{"taxonomy":"category","embeddable":true,"href":"https:\/\/www.artinbox.cz\/index.php?rest_route=%2Fwp%2Fv2%2Fcategories&post=1330"},{"taxonomy":"post_tag","embeddable":true,"href":"https:\/\/www.artinbox.cz\/index.php?rest_route=%2Fwp%2Fv2%2Ftags&post=1330"}],"curies":[{"name":"wp","href":"https:\/\/api.w.org\/{rel}","templated":true}]}}